{"id":7994,"date":"2023-11-02T22:22:23","date_gmt":"2023-11-02T22:22:23","guid":{"rendered":"https:\/\/www.akspila.com\/?p=7994"},"modified":"2026-04-02T06:24:35","modified_gmt":"2026-04-02T06:24:35","slug":"medzinarodna-registracia-dizajnu","status":"publish","type":"post","link":"https:\/\/www.akspila.com\/sk\/medzinarodna-registracia-dizajnu\/","title":{"rendered":"Medzin\u00e1rodn\u00e1 registr\u00e1cia dizajnu"},"content":{"rendered":"<div data-elementor-type=\"wp-post\" data-elementor-id=\"7994\" class=\"elementor elementor-7994\" data-elementor-post-type=\"post\">\n\t\t\t\t<div data-particle_enable=\"false\" data-particle-mobile-disabled=\"false\" class=\"elementor-element elementor-element-09552d7 e-flex e-con-boxed e-con e-parent\" data-id=\"09552d7\" data-element_type=\"container\">\n\t\t\t\t\t<div class=\"e-con-inner\">\n\t\t\t\t<div class=\"elementor-element elementor-element-8465449 elementor-widget elementor-widget-text-editor\" data-id=\"8465449\" data-element_type=\"widget\" data-widget_type=\"text-editor.default\">\n\t\t\t\t<div class=\"elementor-widget-container\">\n\t\t\t\t\t\t\t\t\t<p>Ako <a href=\"https:\/\/www.akspila.com\/sk\/designers\/\">dizajn\u00e9r<\/a> nov\u00fdch produktov ste sa u\u017e ve\u013emi pravdepodobne stretli s t\u00fdm, \u017ee bol v\u00e1\u0161 alebo cudz\u00ed dizajn bez dovolenia &#8220;po\u017ei\u010dan\u00fd&#8221; niek\u00fdm in\u00fdm. Pred tak\u00fdmto nedovolen\u00fdm z\u00e1sahom m\u00f4\u017eete svoje dizajny chr\u00e1ni\u0165 prostredn\u00edctvom <a href=\"https:\/\/www.akspila.com\/sk\/dizajn\">registr\u00e1cie<\/a> dizajnu. Zaregistrovan\u00fd dizajn po\u017e\u00edva viac pr\u00e1v, m\u00e1te v\u010faka nemu v\u00e4\u010d\u0161iu pr\u00e1vnu istotu v pr\u00edpade uplat\u0148ovania svojich pr\u00e1v a zhodnocujete svoju tvorbu. V tomto stru\u010dnom \u010dl\u00e1nku sa dozviete o v\u00fdhod\u00e1ch registr\u00e1cie dizajnu na medzin\u00e1rodnej \u00farovni, rozdielu medzi medzin\u00e1rodnou registr\u00e1ciou dizajnu a eur\u00f3pskou \u010di n\u00e1rodnou registr\u00e1ciou a dobe platnosti medzin\u00e1rodne registrovan\u00e9ho dizajnu.<\/p><p>Pre viac inform\u00e1cii o registr\u00e1cii dizajnu n\u00e1s kedyko\u013evek bezplatne kontaktujte.<\/p>\t\t\t\t\t\t\t\t<\/div>\n\t\t\t\t<\/div>\n\t\t\t\t<div class=\"elementor-element elementor-element-bde4efd elementor-widget elementor-widget-text-editor\" data-id=\"bde4efd\" data-element_type=\"widget\" data-widget_type=\"text-editor.default\">\n\t\t\t\t<div class=\"elementor-widget-container\">\n\t\t\t\t\t\t\t\t\t<p style=\"text-align: center;\"><strong>V\u00fdhody medzin\u00e1rodnej registr\u00e1cie dizajnu<\/strong><\/p><p>Dizajn\u00e9ri registruj\u00fa svoje dizajny kv\u00f4li prest\u00ed\u017ei, prvenstvu alebo skr\u00e1tka preto, \u017ee ide o najlep\u0161\u00ed pr\u00e1vny sp\u00f4sob ochrany dizajnu, ktor\u00fd pr\u00e1vny poriadok umo\u017e\u0148uje, a ktor\u00fd v\u00e1m umo\u017e\u0148uje zabezpe\u010di\u0165 svoje pr\u00e1va k dizajnu e\u0161te predt\u00fdm, ako dizajn zverejn\u00ed. Medzi \u010fal\u0161ie v\u00fdhody registr\u00e1cie dizajnu patria:<\/p><ul><li>ochrana vzh\u013eadu produktu<\/li><li>zv\u00fd\u0161enie hodnoty produktu<\/li><li>registrovan\u00fd dizajn sa st\u00e1va majetkom<\/li><li>ochrana pred fal\u0161ovan\u00edm<\/li><li>r\u00fdchlej\u0161ie uplatnenie pr\u00e1v<\/li><li>mo\u017enos\u0165 licencovania dizajnu<\/li><li>d\u00f4kaz o vlastn\u00edctve dizajnu<\/li><\/ul><p>\u00a0<\/p><p>Registr\u00e1ciou dizajnu na medzin\u00e1rodnej \u00farovni z\u00edskate v porovnan\u00ed s registr\u00e1ciou len na eur\u00f3pskej \u010di n\u00e1rodnej \u00farovni mo\u017enos\u0165 vyu\u017ei\u0165 v\u0161etky horeuveden\u00e9 v\u00fdhody aj na \u00fazem\u00ed v\u0161etk\u00fdch t\u00fdch \u0161t\u00e1tov, pre ktor\u00e9 pod\u00e1te medzin\u00e1rodn\u00fa prihl\u00e1\u0161ku. To znamen\u00e1, \u017ee ak by ste registrovali svoj dizajn len v Slovenskej republike, m\u00e1te pr\u00e1vnu ochranu registrovan\u00e9ho dizajnu len v Slovenskej republike. Naopak pokia\u013e vyu\u017eijete mo\u017enos\u0165 medzin\u00e1rodnej registr\u00e1cie dizajnu, m\u00f4\u017eete dosiahnu\u0165 jednou prihl\u00e1\u0161kou ochranu dizajnu vo viacer\u00fdch \u0161t\u00e1toch s\u00fa\u010dasne, a to v r\u00f4znych kombin\u00e1ciach.<\/p><p>\u00a0<\/p><p style=\"text-align: center;\"><strong>Pr\u00edklady medzin\u00e1rodnej registr\u00e1cie dizajnu<\/strong>:<\/p><p><strong>Pr\u00edklad \u010d. 1<\/strong>: <em>Pl\u00e1nujete svoj dizajn vyu\u017e\u00edva\u0165, chr\u00e1ni\u0165 a pred\u00e1va\u0165, pr\u00edpadne licencova\u0165, v Eur\u00f3pskej \u00fanii a Braz\u00edlii. Nem\u00e1te\u00a0 z\u00e1ujem ma\u0165 dizajn chr\u00e1nen\u00fd v in\u00fdch krajin\u00e1ch. V tomto pr\u00edpade zaplat\u00edte poplatok, pri prihl\u00e1\u0161ke medzin\u00e1rodn\u00e9ho dizajnu, len za tieto uveden\u00e9 krajiny a taktie\u017e iba v nich by ste mohli dosiahnu\u0165 registr\u00e1ciu dizajnu<\/em>.<\/p><p><strong>Pr\u00edklad \u010d. 2<\/strong>: <em>Pl\u00e1nujete svoj dizajn vyu\u017e\u00edva\u0165 vo v\u0161etk\u00fdch ve\u013ek\u00fdch krajin\u00e1ch sveta, ako s\u00fa \u010c\u00edna, USA, Rusko, Braz\u00edlia a in\u00e9, a preto ste sa rozhodli zainvestova\u0165 do ochrany svojich dizajnov viac prostriedkov. V takom pr\u00edpade je potrebn\u00e9 po\u010d\u00edta\u0165 s vy\u0161\u0161\u00edmi registra\u010dn\u00fdmi poplatkami, ke\u010f\u017ee tie z\u00e1visia od konkr\u00e9tnych kraj\u00edn, v ktor\u00fdch sa rozhodnete o medzin\u00e1rodn\u00fa registr\u00e1ciu<\/em>. <em>Akon\u00e1hle v\u0161ak v tomto pr\u00edpade z\u00edskate certifik\u00e1t o registr\u00e1cii dizajnu, m\u00e1te svoj dizajn chr\u00e1nen\u00fd vo v\u0161etk\u00fdch t\u00fdchto krajin\u00e1ch, \u010do v\u00e1m d\u00e1va monopol pri leg\u00e1lnom pou\u017e\u00edvan\u00ed dizajnu na danom \u00fazem\u00ed.<\/em><\/p>\t\t\t\t\t\t\t\t<\/div>\n\t\t\t\t<\/div>\n\t\t\t\t<div class=\"elementor-element elementor-element-6c80ec6 elementor-widget elementor-widget-text-editor\" data-id=\"6c80ec6\" data-element_type=\"widget\" data-widget_type=\"text-editor.default\">\n\t\t\t\t<div class=\"elementor-widget-container\">\n\t\t\t\t\t\t\t\t\t<p style=\"text-align: center;\"><strong>Medzin\u00e1rodn\u00fd vs Eur\u00f3psky registrovan\u00fd dizajn<\/strong><\/p><p>Dizajn mo\u017eno zaregistrova\u0165 na 3 \u00farovniach, pri\u010dom vhodn\u00fa strat\u00e9giu je potrebn\u00e9 premyslie\u0165 u\u017e na za\u010diatku, aby ste po \u010dase nezistili, \u017ee zverejnen\u00edm dizajnu na n\u00e1rodnej \u00farovni v\u00e1m br\u00e1ni v registr\u00e1cii na region\u00e1lnej \u00farovni. Aktu\u00e1lne je pre slovensk\u00fd subjekt mo\u017en\u00e9 registrova\u0165:<\/p><ul><li>Dizajn v SR<\/li><li>Dizajn v E\u00da<\/li><li>Medzin\u00e1rodn\u00fd dizajn<\/li><\/ul><p>\u00a0<\/p><p>Rozdiel medzi medzin\u00e1rodnou registr\u00e1ciou dizajnu a registr\u00e1ciou na \u00farovni E\u00da je v tom, \u017ee registr\u00e1ciou dizajnu v E\u00da z\u00edskate ochranu v\u00fdlu\u010dne pre v\u0161etky \u010dlensk\u00e9 \u0161t\u00e1ty E\u00da, pri\u010dom pri medzin\u00e1rodnej registr\u00e1cii dizajnu m\u00f4\u017eete z\u00edska\u0165 <span style=\"text-decoration: underline;\">ochranu pre dizajn vo viac ako 90 krajin\u00e1ch sveta<\/span>.<\/p>\t\t\t\t\t\t\t\t<\/div>\n\t\t\t\t<\/div>\n\t\t\t\t<div class=\"elementor-element elementor-element-02edff8 elementor-widget elementor-widget-text-editor\" data-id=\"02edff8\" data-element_type=\"widget\" data-widget_type=\"text-editor.default\">\n\t\t\t\t<div class=\"elementor-widget-container\">\n\t\t\t\t\t\t\t\t\t<p style=\"text-align: center;\"><strong>Doba platnosti medzin\u00e1rodn\u00e9ho dizajnu<\/strong><\/p><p>Dizajn si m\u00f4\u017eete chr\u00e1ni\u0165 a\u017e po dobu <strong>25 rokov<\/strong> odo d\u0148a podania prihl\u00e1\u0161ky dizajnu. T\u00fato dobu ochrany pou\u017e\u00edva v\u00e4\u010d\u0161ina kraj\u00edn sveta. Je v\u0161ak potrebn\u00e9 dba\u0165 na to, aby ste ka\u017ed\u00fdch 5 rokov po\u017eiadali o pred\u013a\u017eenie platnosti z\u00e1pisu dizajnu. V opa\u010dnom pr\u00edpade sa v\u00e1m m\u00f4\u017ee sta\u0165, \u017ee o pr\u00e1va k svojmu registrovan\u00e9mu dizajnu m\u00f4\u017eete pr\u00eds\u0165. Pri medzin\u00e1rodnej registr\u00e1cii dizajnu je potrebn\u00e9 dba\u0165 na osobitosti jednotliv\u00fdch kraj\u00edn, ke\u010f\u017ee niektor\u00e9 garantuj\u00fa maxim\u00e1lnu dobu platnosti len do 15 rokov.<\/p>\t\t\t\t\t\t\t\t<\/div>\n\t\t\t\t<\/div>\n\t\t\t\t<div class=\"elementor-element elementor-element-c75dcb2 elementor-widget elementor-widget-text-editor\" data-id=\"c75dcb2\" data-element_type=\"widget\" data-widget_type=\"text-editor.default\">\n\t\t\t\t<div class=\"elementor-widget-container\">\n\t\t\t\t\t\t\t\t\t<p style=\"text-align: center;\"><strong>Registr\u00e1cia dizajnu s advok\u00e1tom<\/strong><\/p><p>S prihl\u00e1\u0161kou dizajnu na medzin\u00e1rodnej \u00farovni a v\u0161etk\u00fdmi form\u00e1lnymi a obsahov\u00fdmi n\u00e1le\u017eitos\u0165ami v\u00e1m vieme pom\u00f4c\u0165 za prijate\u013en\u00e9 <a href=\"https:\/\/www.akspila.com\/sk\/pricing\/\">ceny<\/a>, ktor\u00e9 vieme prisp\u00f4sobi\u0165 va\u0161im individu\u00e1lnym mo\u017enostiam a potreb\u00e1m. Ide o slu\u017ebu, ktor\u00fa vieme vybavi\u0165 ve\u013emi odborne a efekt\u00edvne, pri\u010dom v\u010faka na\u0161im sk\u00fasenostiam viete u\u0161etri\u0165 \u010das a peniaze, a z\u00e1rove\u0148 dosiahnu\u0165 registr\u00e1ciu dizajnu v \u010do najkrat\u0161om \u010dase.<\/p><p>Okrem toho v\u00e1m radi pom\u00f4\u017eeme z\u00edska\u0165 aj <strong>grant E\u00da<\/strong>, ktor\u00fd je v cene na\u0161ej slu\u017eby a v\u010faka nemu <strong>u\u0161etr\u00edte 50%<\/strong> zo sumy zaplaten\u00fdch \u00faradn\u00fdch poplatkov za podanie medzin\u00e1rodnej prihl\u00e1\u0161ky dizajnu.<\/p><p>Ak m\u00e1te z\u00e1ujem o medzin\u00e1rodn\u00fa <a href=\"https:\/\/www.akspila.com\/sk\/dizajn\/\">registr\u00e1ciu dizajnu<\/a> kedyko\u013evek n\u00e1s kontaktujte mailom na info@akspila.com alebo telefonicky na 0944237985, pr\u00edpadne m\u00f4\u017eete priamo vyplni\u0165 formul\u00e1r k registr\u00e1cii dizajnu na na\u0161ej str\u00e1nke <a href=\"https:\/\/www.akspila.com\/sk\/dizajn\/\">tu<\/a>.<\/p>\t\t\t\t\t\t\t\t<\/div>\n\t\t\t\t<\/div>\n\t\t\t\t\t<\/div>\n\t\t\t\t<\/div>\n\t\t\t\t<\/div>","protected":false},"excerpt":{"rendered":"<p>Ako dizajn\u00e9r nov\u00fdch produktov ste sa u\u017e ve\u013emi pravdepodobne stretli s t\u00fdm, \u017ee bol v\u00e1\u0161 alebo cudz\u00ed dizajn bez dovolenia &#8220;po\u017ei\u010dan\u00fd&#8221; niek\u00fdm in\u00fdm. Pred tak\u00fdmto nedovolen\u00fdm z\u00e1sahom m\u00f4\u017eete svoje dizajny chr\u00e1ni\u0165 prostredn\u00edctvom registr\u00e1cie dizajnu. Zaregistrovan\u00fd dizajn po\u017e\u00edva viac pr\u00e1v, m\u00e1te v\u010faka nemu v\u00e4\u010d\u0161iu pr\u00e1vnu istotu v pr\u00edpade uplat\u0148ovania svojich pr\u00e1v a zhodnocujete svoju tvorbu. V [&hellip;]<\/p>","protected":false},"author":2,"featured_media":7868,"comment_status":"closed","ping_status":"closed","sticky":false,"template":"","format":"standard","meta":{"footnotes":""},"categories":[63],"tags":[43,38],"class_list":["post-7994","post","type-post","status-publish","format-standard","has-post-thumbnail","hentry","category-len-sk","tag-design","tag-registration"],"yoast_head":"<!-- This site is optimized with the Yoast SEO plugin v23.9 - https:\/\/yoast.com\/wordpress\/plugins\/seo\/ -->\n<title>Medzin\u00e1rodn\u00e1 registr\u00e1cia dizajnu<\/title>\n<meta name=\"description\" content=\"Chcete si zaregistrova\u0165 dizajn na medzin\u00e1rodnej \u00farovni? Pom\u00f4\u017eeme s registr\u00e1ciou dizajnu a jeho \u010fal\u0161ou ochranou. info@akspila.com 0944237985\" \/>\n<meta name=\"robots\" content=\"index, follow, max-snippet:-1, max-image-preview:large, max-video-preview:-1\" \/>\n<link rel=\"canonical\" href=\"https:\/\/www.akspila.com\/sk\/medzinarodna-registracia-dizajnu\/\" \/>\n<meta property=\"og:locale\" content=\"sk_SK\" \/>\n<meta property=\"og:type\" content=\"article\" \/>\n<meta property=\"og:title\" content=\"Medzin\u00e1rodn\u00e1 registr\u00e1cia dizajnu\" \/>\n<meta property=\"og:description\" content=\"Chcete si zaregistrova\u0165 dizajn na medzin\u00e1rodnej \u00farovni? Pom\u00f4\u017eeme s registr\u00e1ciou dizajnu a jeho \u010fal\u0161ou ochranou. info@akspila.com 0944237985\" \/>\n<meta property=\"og:url\" content=\"https:\/\/www.akspila.com\/sk\/medzinarodna-registracia-dizajnu\/\" \/>\n<meta property=\"og:site_name\" content=\"JUDr. Erik \u0160pila, advok\u00e1tska kancel\u00e1ria\" \/>\n<meta property=\"article:published_time\" content=\"2023-11-02T22:22:23+00:00\" \/>\n<meta property=\"article:modified_time\" content=\"2026-04-02T06:24:35+00:00\" \/>\n<meta property=\"og:image\" content=\"http:\/\/www.akspila.com\/wp-content\/uploads\/2023\/10\/devin-avery-BRVqq2uak4E-unsplash.jpg\" \/>\n\t<meta property=\"og:image:width\" content=\"1920\" \/>\n\t<meta property=\"og:image:height\" content=\"1280\" \/>\n\t<meta property=\"og:image:type\" content=\"image\/jpeg\" \/>\n<meta name=\"author\" content=\"Erik \u0160pila\" \/>\n<meta name=\"twitter:card\" content=\"summary_large_image\" \/>\n<meta name=\"twitter:label1\" content=\"Autor\" \/>\n\t<meta name=\"twitter:data1\" content=\"Erik \u0160pila\" \/>\n\t<meta name=\"twitter:label2\" content=\"Predpokladan\u00fd \u010das \u010d\u00edtania\" \/>\n\t<meta name=\"twitter:data2\" content=\"5 min\u00fat\" \/>\n<script type=\"application\/ld+json\" class=\"yoast-schema-graph\">{\"@context\":\"https:\/\/schema.org\",\"@graph\":[{\"@type\":\"WebPage\",\"@id\":\"https:\/\/www.akspila.com\/medzinarodna-registracia-dizajnu\/\",\"url\":\"https:\/\/www.akspila.com\/medzinarodna-registracia-dizajnu\/\",\"name\":\"Medzin\u00e1rodn\u00e1 registr\u00e1cia dizajnu\",\"isPartOf\":{\"@id\":\"https:\/\/www.akspila.com\/#website\"},\"primaryImageOfPage\":{\"@id\":\"https:\/\/www.akspila.com\/medzinarodna-registracia-dizajnu\/#primaryimage\"},\"image\":{\"@id\":\"https:\/\/www.akspila.com\/medzinarodna-registracia-dizajnu\/#primaryimage\"},\"thumbnailUrl\":\"https:\/\/www.akspila.com\/wp-content\/uploads\/2023\/10\/devin-avery-BRVqq2uak4E-unsplash.jpg\",\"datePublished\":\"2023-11-02T22:22:23+00:00\",\"dateModified\":\"2026-04-02T06:24:35+00:00\",\"author\":{\"@id\":\"https:\/\/www.akspila.com\/#\/schema\/person\/94adc120313c3ff7f6073b95c3e275ed\"},\"description\":\"Chcete si zaregistrova\u0165 dizajn na medzin\u00e1rodnej \u00farovni? Pom\u00f4\u017eeme s registr\u00e1ciou dizajnu a jeho \u010fal\u0161ou ochranou. info@akspila.com 0944237985\",\"breadcrumb\":{\"@id\":\"https:\/\/www.akspila.com\/medzinarodna-registracia-dizajnu\/#breadcrumb\"},\"inLanguage\":\"sk-SK\",\"potentialAction\":[{\"@type\":\"ReadAction\",\"target\":[\"https:\/\/www.akspila.com\/medzinarodna-registracia-dizajnu\/\"]}]},{\"@type\":\"ImageObject\",\"inLanguage\":\"sk-SK\",\"@id\":\"https:\/\/www.akspila.com\/medzinarodna-registracia-dizajnu\/#primaryimage\",\"url\":\"https:\/\/www.akspila.com\/wp-content\/uploads\/2023\/10\/devin-avery-BRVqq2uak4E-unsplash.jpg\",\"contentUrl\":\"https:\/\/www.akspila.com\/wp-content\/uploads\/2023\/10\/devin-avery-BRVqq2uak4E-unsplash.jpg\",\"width\":1920,\"height\":1280,\"caption\":\"dizajn registracia produkt pravna ochrana\"},{\"@type\":\"BreadcrumbList\",\"@id\":\"https:\/\/www.akspila.com\/medzinarodna-registracia-dizajnu\/#breadcrumb\",\"itemListElement\":[{\"@type\":\"ListItem\",\"position\":1,\"name\":\"Home\",\"item\":\"https:\/\/www.akspila.com\/\"},{\"@type\":\"ListItem\",\"position\":2,\"name\":\"Medzin\u00e1rodn\u00e1 registr\u00e1cia dizajnu\"}]},{\"@type\":\"WebSite\",\"@id\":\"https:\/\/www.akspila.com\/#website\",\"url\":\"https:\/\/www.akspila.com\/\",\"name\":\"JUDr. Erik \u0160pila, advok\u00e1tska kancel\u00e1ria\",\"description\":\"Pr\u00e1vne poradenstvo\",\"potentialAction\":[{\"@type\":\"SearchAction\",\"target\":{\"@type\":\"EntryPoint\",\"urlTemplate\":\"https:\/\/www.akspila.com\/?s={search_term_string}\"},\"query-input\":{\"@type\":\"PropertyValueSpecification\",\"valueRequired\":true,\"valueName\":\"search_term_string\"}}],\"inLanguage\":\"sk-SK\"},{\"@type\":\"Person\",\"@id\":\"https:\/\/www.akspila.com\/#\/schema\/person\/94adc120313c3ff7f6073b95c3e275ed\",\"name\":\"Erik \u0160pila\",\"image\":{\"@type\":\"ImageObject\",\"inLanguage\":\"sk-SK\",\"@id\":\"https:\/\/www.akspila.com\/#\/schema\/person\/image\/\",\"url\":\"https:\/\/secure.gravatar.com\/avatar\/ec64ccda6925e2160e3e3e5e0b3ecaa980e4ef88e4b028ad1f53e5c3b527dd59?s=96&d=mm&r=g\",\"contentUrl\":\"https:\/\/secure.gravatar.com\/avatar\/ec64ccda6925e2160e3e3e5e0b3ecaa980e4ef88e4b028ad1f53e5c3b527dd59?s=96&d=mm&r=g\",\"caption\":\"Erik \u0160pila\"},\"url\":\"https:\/\/www.akspila.com\/sk\/author\/infoakspila-com\/\"}]}<\/script>\n<!-- \/ Yoast SEO plugin. -->","yoast_head_json":{"title":"Medzin\u00e1rodn\u00e1 registr\u00e1cia dizajnu","description":"Chcete si zaregistrova\u0165 dizajn na medzin\u00e1rodnej \u00farovni? Pom\u00f4\u017eeme s registr\u00e1ciou dizajnu a jeho \u010fal\u0161ou ochranou. info@akspila.com 0944237985","robots":{"index":"index","follow":"follow","max-snippet":"max-snippet:-1","max-image-preview":"max-image-preview:large","max-video-preview":"max-video-preview:-1"},"canonical":"https:\/\/www.akspila.com\/sk\/medzinarodna-registracia-dizajnu\/","og_locale":"sk_SK","og_type":"article","og_title":"Medzin\u00e1rodn\u00e1 registr\u00e1cia dizajnu","og_description":"Chcete si zaregistrova\u0165 dizajn na medzin\u00e1rodnej \u00farovni? Pom\u00f4\u017eeme s registr\u00e1ciou dizajnu a jeho \u010fal\u0161ou ochranou. info@akspila.com 0944237985","og_url":"https:\/\/www.akspila.com\/sk\/medzinarodna-registracia-dizajnu\/","og_site_name":"JUDr. Erik \u0160pila, advok\u00e1tska kancel\u00e1ria","article_published_time":"2023-11-02T22:22:23+00:00","article_modified_time":"2026-04-02T06:24:35+00:00","og_image":[{"width":1920,"height":1280,"url":"http:\/\/www.akspila.com\/wp-content\/uploads\/2023\/10\/devin-avery-BRVqq2uak4E-unsplash.jpg","type":"image\/jpeg"}],"author":"Erik \u0160pila","twitter_card":"summary_large_image","twitter_misc":{"Autor":"Erik \u0160pila","Predpokladan\u00fd \u010das \u010d\u00edtania":"5 min\u00fat"},"schema":{"@context":"https:\/\/schema.org","@graph":[{"@type":"WebPage","@id":"https:\/\/www.akspila.com\/medzinarodna-registracia-dizajnu\/","url":"https:\/\/www.akspila.com\/medzinarodna-registracia-dizajnu\/","name":"Medzin\u00e1rodn\u00e1 registr\u00e1cia dizajnu","isPartOf":{"@id":"https:\/\/www.akspila.com\/#website"},"primaryImageOfPage":{"@id":"https:\/\/www.akspila.com\/medzinarodna-registracia-dizajnu\/#primaryimage"},"image":{"@id":"https:\/\/www.akspila.com\/medzinarodna-registracia-dizajnu\/#primaryimage"},"thumbnailUrl":"https:\/\/www.akspila.com\/wp-content\/uploads\/2023\/10\/devin-avery-BRVqq2uak4E-unsplash.jpg","datePublished":"2023-11-02T22:22:23+00:00","dateModified":"2026-04-02T06:24:35+00:00","author":{"@id":"https:\/\/www.akspila.com\/#\/schema\/person\/94adc120313c3ff7f6073b95c3e275ed"},"description":"Chcete si zaregistrova\u0165 dizajn na medzin\u00e1rodnej \u00farovni? Pom\u00f4\u017eeme s registr\u00e1ciou dizajnu a jeho \u010fal\u0161ou ochranou. info@akspila.com 0944237985","breadcrumb":{"@id":"https:\/\/www.akspila.com\/medzinarodna-registracia-dizajnu\/#breadcrumb"},"inLanguage":"sk-SK","potentialAction":[{"@type":"ReadAction","target":["https:\/\/www.akspila.com\/medzinarodna-registracia-dizajnu\/"]}]},{"@type":"ImageObject","inLanguage":"sk-SK","@id":"https:\/\/www.akspila.com\/medzinarodna-registracia-dizajnu\/#primaryimage","url":"https:\/\/www.akspila.com\/wp-content\/uploads\/2023\/10\/devin-avery-BRVqq2uak4E-unsplash.jpg","contentUrl":"https:\/\/www.akspila.com\/wp-content\/uploads\/2023\/10\/devin-avery-BRVqq2uak4E-unsplash.jpg","width":1920,"height":1280,"caption":"dizajn registracia produkt pravna ochrana"},{"@type":"BreadcrumbList","@id":"https:\/\/www.akspila.com\/medzinarodna-registracia-dizajnu\/#breadcrumb","itemListElement":[{"@type":"ListItem","position":1,"name":"Home","item":"https:\/\/www.akspila.com\/"},{"@type":"ListItem","position":2,"name":"Medzin\u00e1rodn\u00e1 registr\u00e1cia dizajnu"}]},{"@type":"WebSite","@id":"https:\/\/www.akspila.com\/#website","url":"https:\/\/www.akspila.com\/","name":"JUDr. Erik \u0160pila, advok\u00e1tska kancel\u00e1ria","description":"Pr\u00e1vne poradenstvo","potentialAction":[{"@type":"SearchAction","target":{"@type":"EntryPoint","urlTemplate":"https:\/\/www.akspila.com\/?s={search_term_string}"},"query-input":{"@type":"PropertyValueSpecification","valueRequired":true,"valueName":"search_term_string"}}],"inLanguage":"sk-SK"},{"@type":"Person","@id":"https:\/\/www.akspila.com\/#\/schema\/person\/94adc120313c3ff7f6073b95c3e275ed","name":"Erik \u0160pila","image":{"@type":"ImageObject","inLanguage":"sk-SK","@id":"https:\/\/www.akspila.com\/#\/schema\/person\/image\/","url":"https:\/\/secure.gravatar.com\/avatar\/ec64ccda6925e2160e3e3e5e0b3ecaa980e4ef88e4b028ad1f53e5c3b527dd59?s=96&d=mm&r=g","contentUrl":"https:\/\/secure.gravatar.com\/avatar\/ec64ccda6925e2160e3e3e5e0b3ecaa980e4ef88e4b028ad1f53e5c3b527dd59?s=96&d=mm&r=g","caption":"Erik \u0160pila"},"url":"https:\/\/www.akspila.com\/sk\/author\/infoakspila-com\/"}]}},"_links":{"self":[{"href":"https:\/\/www.akspila.com\/sk\/wp-json\/wp\/v2\/posts\/7994","targetHints":{"allow":["GET"]}}],"collection":[{"href":"https:\/\/www.akspila.com\/sk\/wp-json\/wp\/v2\/posts"}],"about":[{"href":"https:\/\/www.akspila.com\/sk\/wp-json\/wp\/v2\/types\/post"}],"author":[{"embeddable":true,"href":"https:\/\/www.akspila.com\/sk\/wp-json\/wp\/v2\/users\/2"}],"replies":[{"embeddable":true,"href":"https:\/\/www.akspila.com\/sk\/wp-json\/wp\/v2\/comments?post=7994"}],"version-history":[{"count":16,"href":"https:\/\/www.akspila.com\/sk\/wp-json\/wp\/v2\/posts\/7994\/revisions"}],"predecessor-version":[{"id":8011,"href":"https:\/\/www.akspila.com\/sk\/wp-json\/wp\/v2\/posts\/7994\/revisions\/8011"}],"wp:featuredmedia":[{"embeddable":true,"href":"https:\/\/www.akspila.com\/sk\/wp-json\/wp\/v2\/media\/7868"}],"wp:attachment":[{"href":"https:\/\/www.akspila.com\/sk\/wp-json\/wp\/v2\/media?parent=7994"}],"wp:term":[{"taxonomy":"category","embeddable":true,"href":"https:\/\/www.akspila.com\/sk\/wp-json\/wp\/v2\/categories?post=7994"},{"taxonomy":"post_tag","embeddable":true,"href":"https:\/\/www.akspila.com\/sk\/wp-json\/wp\/v2\/tags?post=7994"}],"curies":[{"name":"wp","href":"https:\/\/api.w.org\/{rel}","templated":true}]}}