{"id":8763,"date":"2024-11-28T20:26:58","date_gmt":"2024-11-28T20:26:58","guid":{"rendered":"https:\/\/www.akspila.com\/?p=8763"},"modified":"2026-04-02T06:23:39","modified_gmt":"2026-04-02T06:23:39","slug":"zmeny-v-pravnej-ochrane-dizajnov-na-medzinarodnej-urovni-2025","status":"publish","type":"post","link":"https:\/\/www.akspila.com\/sk\/zmeny-v-pravnej-ochrane-dizajnov-na-medzinarodnej-urovni-2025\/","title":{"rendered":"Zmeny v pr\u00e1vnej ochrane dizajnov na medzin\u00e1rodnej \u00farovni 2025"},"content":{"rendered":"<div data-elementor-type=\"wp-post\" data-elementor-id=\"8763\" class=\"elementor elementor-8763\" data-elementor-post-type=\"post\">\n\t\t\t\t<div data-particle_enable=\"false\" data-particle-mobile-disabled=\"false\" class=\"elementor-element elementor-element-66fb74a e-flex e-con-boxed e-con e-parent\" data-id=\"66fb74a\" data-element_type=\"container\">\n\t\t\t\t\t<div class=\"e-con-inner\">\n\t\t\t\t<div class=\"elementor-element elementor-element-87c8c02 elementor-widget elementor-widget-text-editor\" data-id=\"87c8c02\" data-element_type=\"widget\" data-widget_type=\"text-editor.default\">\n\t\t\t\t<div class=\"elementor-widget-container\">\n\t\t\t\t\t\t\t\t\t<div class=\"flex-shrink-0 flex flex-col relative items-end\"><div class=\"pt-0\"><div class=\"gizmo-bot-avatar flex h-8 w-8 items-center justify-center overflow-hidden rounded-full\"><div class=\"relative p-1 rounded-sm flex items-center justify-center bg-token-main-surface-primary text-token-text-primary h-8 w-8\"><h3>Zmeny v pr\u00e1vnej ochrane dizajnov na medzin\u00e1rodnej \u00farovni 2025<\/h3><p>Svetov\u00e1 organiz\u00e1cia du\u0161evn\u00e9ho vlastn\u00edctva (WIPO) predstavila nov\u00fd medzin\u00e1rodn\u00fd r\u00e1mec na ochranu dizajnov, tzv. <strong>Rij\u00e1dsku dohodu o ochrane dizajnov<\/strong>, ktor\u00fa krajiny schv\u00e1lili v novembri 2024. T\u00e1to zmluva si kladie za cie\u013e zjednodu\u0161i\u0165, zr\u00fdchli\u0165 a zlacni\u0165 proces ochrany <a href=\"https:\/\/www.akspila.com\/sk\/designers\/\">dizajnov<\/a>, pri\u010dom jej implement\u00e1cia za\u010dne a\u017e po podpise najmenej 15 \u0161t\u00e1tmi, \u010do sa o\u010dak\u00e1va v priebehu roka 2025.<\/p><h4>\u00a0<\/h4><h4>K\u013e\u00fa\u010dov\u00e9 aspekty novej zmluvy:<\/h4><p>\u00a0<\/p><ol><li><p><strong>Viacn\u00e1sobn\u00e9 prihl\u00e1\u0161ky<\/strong> \u2013 N\u00e1vrh umo\u017e\u0148uje podanie prihl\u00e1\u0161ok obsahuj\u00facich viacero dizajnov, \u010d\u00edm zni\u017euje administrat\u00edvnu z\u00e1\u0165a\u017e a n\u00e1klady. Krajiny si v\u0161ak m\u00f4\u017eu stanovi\u0165 vlastn\u00e9 podmienky, napr\u00edklad po\u017eiadavky na podobnos\u0165 produktov.<\/p><\/li><li><p><strong>Flexibilnej\u0161ie po\u017eiadavky na registr\u00e1ciu<\/strong> \u2013 Nov\u00e9 pravidl\u00e1 zav\u00e1dzaj\u00fa jednoduch\u0161ie podmienky na ur\u010denie vyobrazenia dizajnov, \u010do podpor\u00ed lep\u0161ie vyu\u017eitie modern\u00fdch technol\u00f3gi\u00ed a techn\u00edk reprodukcie dizajnov.<\/p><\/li><li><p><strong>Lep\u0161ia medzin\u00e1rodn\u00e1 spolupr\u00e1ca<\/strong> \u2013 Zmluva zabezpe\u010duje jednotn\u00fd proces, ktor\u00fd zn\u00ed\u017ei pr\u00e1vnu neistotu a podpor\u00ed inov\u00e1cie medzi dizajn\u00e9rmi po celom svete.<\/p><\/li><\/ol><h4>\u00a0<\/h4><h4>Ochr\u00e1\u0148te svoj dizajn \u2013 krok k glob\u00e1lnemu \u00faspechu<\/h4><p>Ak ste dizajn\u00e9r alebo v\u00fdrobca origin\u00e1lnych produktov, t\u00e1to zmena v\u00e1m umo\u017en\u00ed efekt\u00edvnej\u0161iu ochranu va\u0161ej kreativity nielen na <span style=\"text-decoration: underline;\">Slovensku, v E\u00da aj medzin\u00e1rodne<\/span>. Napriek tomu, \u017ee proces je relat\u00edvne n\u00e1ro\u010dn\u00fd, s nami ho m\u00f4\u017eete absolvova\u0165 bez zbyto\u010dnej administrat\u00edvy, prie\u0165ahov a \u0161etrne.<\/p><p>Na\u0161a advok\u00e1tska kancel\u00e1ria v\u00e1m pon\u00faka <strong>bezplatn\u00fa \u00favodn\u00fa konzult\u00e1ciu<\/strong>, kde v\u00e1m poskytneme presn\u00e9 inform\u00e1cie o tom, ako najlep\u0161ie vyu\u017ei\u0165 nov\u00fd syst\u00e9m ochrany dizajnov. Zabezpe\u010d\u00edme za v\u00e1s <a href=\"https:\/\/www.akspila.com\/sk\/dizajn\/\">registr\u00e1ciu v\u00e1\u0161ho dizajnu<\/a> na Slovensku, v E\u00da aj na medzin\u00e1rodnej \u00farovni. Kontaktujte n\u00e1s e-mailom na <strong><a rel=\"noopener\">info@akspila.com<\/a><\/strong> alebo telefonicky na \u010d\u00edsle <strong>0944 237 985<\/strong> po\u010das pracovn\u00fdch hod\u00edn.<\/p><p>Nechajte si v pr\u00e1vnych veciach poradi\u0165 od odborn\u00edkov, aby ste sa mohli plne s\u00fastredi\u0165 na rozvoj va\u0161ich nov\u00fdch v\u00fdtvorov, dizajnov a svojho podnikania!<\/p><hr \/><p>\u00a0<\/p><p><em>Autor<\/em>: <em>JUDr. Erik \u0160pila, advok\u00e1t<\/em><\/p><p><em>Zdroj: <a href=\"https:\/\/www.wipo.int\/pressroom\/en\/articles\/2024\/article_0017.html\" target=\"_new\" rel=\"noopener\">WIPO Pressroom \u2013 Rij\u00e1dsky dohovor o ochrane dizajnov<\/a><\/em><\/p><\/div><\/div><\/div><\/div><div class=\"group\/conversation-turn relative flex w-full min-w-0 flex-col agent-turn\"><div class=\"flex-col gap-1 md:gap-3\"><div class=\"flex max-w-full flex-col flex-grow\"><div class=\"min-h-8 text-message flex w-full flex-col items-end gap-2 whitespace-normal break-words [.text-message+&amp;]:mt-5\" dir=\"auto\" data-message-author-role=\"assistant\" data-message-id=\"ccd98dbc-25de-4ff1-ae04-32a8e17f222f\" data-message-model-slug=\"gpt-4o\"><div class=\"flex w-full flex-col gap-1 empty:hidden first:pt-[3px]\"><div class=\"markdown prose w-full break-words dark:prose-invert light\"><p>\u00a0<\/p><\/div><\/div><\/div><\/div><\/div><\/div>\t\t\t\t\t\t\t\t<\/div>\n\t\t\t\t<\/div>\n\t\t\t\t\t<\/div>\n\t\t\t\t<\/div>\n\t\t\t\t<\/div>","protected":false},"excerpt":{"rendered":"<p>Zmeny v pr\u00e1vnej ochrane dizajnov na medzin\u00e1rodnej \u00farovni 2025 Svetov\u00e1 organiz\u00e1cia du\u0161evn\u00e9ho vlastn\u00edctva (WIPO) predstavila nov\u00fd medzin\u00e1rodn\u00fd r\u00e1mec na ochranu dizajnov, tzv. Rij\u00e1dsku dohodu o ochrane dizajnov, ktor\u00fa krajiny schv\u00e1lili v novembri 2024. T\u00e1to zmluva si kladie za cie\u013e zjednodu\u0161i\u0165, zr\u00fdchli\u0165 a zlacni\u0165 proces ochrany dizajnov, pri\u010dom jej implement\u00e1cia za\u010dne a\u017e po podpise najmenej 15 [&hellip;]<\/p>","protected":false},"author":2,"featured_media":8764,"comment_status":"closed","ping_status":"closed","sticky":false,"template":"","format":"standard","meta":{"footnotes":""},"categories":[41,63],"tags":[43],"class_list":["post-8763","post","type-post","status-publish","format-standard","has-post-thumbnail","hentry","category-design","category-len-sk","tag-design"],"yoast_head":"<!-- This site is optimized with the Yoast SEO plugin v23.9 - https:\/\/yoast.com\/wordpress\/plugins\/seo\/ -->\n<title>Zmena - Pr\u00e1vna ochrana Dizajnov na medzin\u00e1rodnej \u00farovni 2025<\/title>\n<meta name=\"description\" content=\"Registr\u00e1cia Dizajnu SR, E\u00da a vo svete. Chr\u00e1\u0148te svoj produkt. Vybavte to s odborn\u00edkom. \u00davodn\u00e1 konzult\u00e1cia zdarma. 0944237985 info@akspila.com\" \/>\n<meta name=\"robots\" content=\"index, follow, max-snippet:-1, max-image-preview:large, max-video-preview:-1\" \/>\n<link rel=\"canonical\" href=\"https:\/\/www.akspila.com\/sk\/zmeny-v-pravnej-ochrane-dizajnov-na-medzinarodnej-urovni-2025\/\" \/>\n<meta property=\"og:locale\" content=\"sk_SK\" \/>\n<meta property=\"og:type\" content=\"article\" \/>\n<meta property=\"og:title\" content=\"Zmena - Pr\u00e1vna ochrana Dizajnov na medzin\u00e1rodnej \u00farovni 2025\" \/>\n<meta property=\"og:description\" content=\"Registr\u00e1cia Dizajnu SR, E\u00da a vo svete. Chr\u00e1\u0148te svoj produkt. Vybavte to s odborn\u00edkom. \u00davodn\u00e1 konzult\u00e1cia zdarma. 0944237985 info@akspila.com\" \/>\n<meta property=\"og:url\" content=\"https:\/\/www.akspila.com\/sk\/zmeny-v-pravnej-ochrane-dizajnov-na-medzinarodnej-urovni-2025\/\" \/>\n<meta property=\"og:site_name\" content=\"JUDr. Erik \u0160pila, advok\u00e1tska kancel\u00e1ria\" \/>\n<meta property=\"article:published_time\" content=\"2024-11-28T20:26:58+00:00\" \/>\n<meta property=\"article:modified_time\" content=\"2026-04-02T06:23:39+00:00\" \/>\n<meta property=\"og:image\" content=\"http:\/\/www.akspila.com\/wp-content\/uploads\/2024\/11\/vecteezy_empty-blue-cylinder-podium-with-gold-border-and-gold-circle_8683237-min-scaled.jpg\" \/>\n\t<meta property=\"og:image:width\" content=\"2560\" \/>\n\t<meta property=\"og:image:height\" content=\"1575\" \/>\n\t<meta property=\"og:image:type\" content=\"image\/jpeg\" \/>\n<meta name=\"author\" content=\"Erik \u0160pila\" \/>\n<meta name=\"twitter:card\" content=\"summary_large_image\" \/>\n<meta name=\"twitter:label1\" content=\"Autor\" \/>\n\t<meta name=\"twitter:data1\" content=\"Erik \u0160pila\" \/>\n\t<meta name=\"twitter:label2\" content=\"Predpokladan\u00fd \u010das \u010d\u00edtania\" \/>\n\t<meta name=\"twitter:data2\" content=\"2 min\u00faty\" \/>\n<script type=\"application\/ld+json\" class=\"yoast-schema-graph\">{\"@context\":\"https:\/\/schema.org\",\"@graph\":[{\"@type\":\"WebPage\",\"@id\":\"https:\/\/www.akspila.com\/zmeny-v-pravnej-ochrane-dizajnov-na-medzinarodnej-urovni-2025\/\",\"url\":\"https:\/\/www.akspila.com\/zmeny-v-pravnej-ochrane-dizajnov-na-medzinarodnej-urovni-2025\/\",\"name\":\"Zmena - Pr\u00e1vna ochrana Dizajnov na medzin\u00e1rodnej \u00farovni 2025\",\"isPartOf\":{\"@id\":\"https:\/\/www.akspila.com\/#website\"},\"primaryImageOfPage\":{\"@id\":\"https:\/\/www.akspila.com\/zmeny-v-pravnej-ochrane-dizajnov-na-medzinarodnej-urovni-2025\/#primaryimage\"},\"image\":{\"@id\":\"https:\/\/www.akspila.com\/zmeny-v-pravnej-ochrane-dizajnov-na-medzinarodnej-urovni-2025\/#primaryimage\"},\"thumbnailUrl\":\"https:\/\/www.akspila.com\/wp-content\/uploads\/2024\/11\/vecteezy_empty-blue-cylinder-podium-with-gold-border-and-gold-circle_8683237-min-scaled.jpg\",\"datePublished\":\"2024-11-28T20:26:58+00:00\",\"dateModified\":\"2026-04-02T06:23:39+00:00\",\"author\":{\"@id\":\"https:\/\/www.akspila.com\/#\/schema\/person\/94adc120313c3ff7f6073b95c3e275ed\"},\"description\":\"Registr\u00e1cia Dizajnu SR, E\u00da a vo svete. Chr\u00e1\u0148te svoj produkt. Vybavte to s odborn\u00edkom. \u00davodn\u00e1 konzult\u00e1cia zdarma. 0944237985 info@akspila.com\",\"breadcrumb\":{\"@id\":\"https:\/\/www.akspila.com\/zmeny-v-pravnej-ochrane-dizajnov-na-medzinarodnej-urovni-2025\/#breadcrumb\"},\"inLanguage\":\"sk-SK\",\"potentialAction\":[{\"@type\":\"ReadAction\",\"target\":[\"https:\/\/www.akspila.com\/zmeny-v-pravnej-ochrane-dizajnov-na-medzinarodnej-urovni-2025\/\"]}]},{\"@type\":\"ImageObject\",\"inLanguage\":\"sk-SK\",\"@id\":\"https:\/\/www.akspila.com\/zmeny-v-pravnej-ochrane-dizajnov-na-medzinarodnej-urovni-2025\/#primaryimage\",\"url\":\"https:\/\/www.akspila.com\/wp-content\/uploads\/2024\/11\/vecteezy_empty-blue-cylinder-podium-with-gold-border-and-gold-circle_8683237-min-scaled.jpg\",\"contentUrl\":\"https:\/\/www.akspila.com\/wp-content\/uploads\/2024\/11\/vecteezy_empty-blue-cylinder-podium-with-gold-border-and-gold-circle_8683237-min-scaled.jpg\",\"width\":2560,\"height\":1575,\"caption\":\"design dizajn registr\u00e1cia\"},{\"@type\":\"BreadcrumbList\",\"@id\":\"https:\/\/www.akspila.com\/zmeny-v-pravnej-ochrane-dizajnov-na-medzinarodnej-urovni-2025\/#breadcrumb\",\"itemListElement\":[{\"@type\":\"ListItem\",\"position\":1,\"name\":\"Home\",\"item\":\"https:\/\/www.akspila.com\/\"},{\"@type\":\"ListItem\",\"position\":2,\"name\":\"Zmeny v pr\u00e1vnej ochrane dizajnov na medzin\u00e1rodnej \u00farovni 2025\"}]},{\"@type\":\"WebSite\",\"@id\":\"https:\/\/www.akspila.com\/#website\",\"url\":\"https:\/\/www.akspila.com\/\",\"name\":\"JUDr. Erik \u0160pila, advok\u00e1tska kancel\u00e1ria\",\"description\":\"Pr\u00e1vne poradenstvo\",\"potentialAction\":[{\"@type\":\"SearchAction\",\"target\":{\"@type\":\"EntryPoint\",\"urlTemplate\":\"https:\/\/www.akspila.com\/?s={search_term_string}\"},\"query-input\":{\"@type\":\"PropertyValueSpecification\",\"valueRequired\":true,\"valueName\":\"search_term_string\"}}],\"inLanguage\":\"sk-SK\"},{\"@type\":\"Person\",\"@id\":\"https:\/\/www.akspila.com\/#\/schema\/person\/94adc120313c3ff7f6073b95c3e275ed\",\"name\":\"Erik \u0160pila\",\"image\":{\"@type\":\"ImageObject\",\"inLanguage\":\"sk-SK\",\"@id\":\"https:\/\/www.akspila.com\/#\/schema\/person\/image\/\",\"url\":\"https:\/\/secure.gravatar.com\/avatar\/ec64ccda6925e2160e3e3e5e0b3ecaa980e4ef88e4b028ad1f53e5c3b527dd59?s=96&d=mm&r=g\",\"contentUrl\":\"https:\/\/secure.gravatar.com\/avatar\/ec64ccda6925e2160e3e3e5e0b3ecaa980e4ef88e4b028ad1f53e5c3b527dd59?s=96&d=mm&r=g\",\"caption\":\"Erik \u0160pila\"},\"url\":\"https:\/\/www.akspila.com\/sk\/author\/infoakspila-com\/\"}]}<\/script>\n<!-- \/ Yoast SEO plugin. -->","yoast_head_json":{"title":"Zmena - Pr\u00e1vna ochrana Dizajnov na medzin\u00e1rodnej \u00farovni 2025","description":"Registr\u00e1cia Dizajnu SR, E\u00da a vo svete. Chr\u00e1\u0148te svoj produkt. Vybavte to s odborn\u00edkom. \u00davodn\u00e1 konzult\u00e1cia zdarma. 0944237985 info@akspila.com","robots":{"index":"index","follow":"follow","max-snippet":"max-snippet:-1","max-image-preview":"max-image-preview:large","max-video-preview":"max-video-preview:-1"},"canonical":"https:\/\/www.akspila.com\/sk\/zmeny-v-pravnej-ochrane-dizajnov-na-medzinarodnej-urovni-2025\/","og_locale":"sk_SK","og_type":"article","og_title":"Zmena - Pr\u00e1vna ochrana Dizajnov na medzin\u00e1rodnej \u00farovni 2025","og_description":"Registr\u00e1cia Dizajnu SR, E\u00da a vo svete. Chr\u00e1\u0148te svoj produkt. Vybavte to s odborn\u00edkom. \u00davodn\u00e1 konzult\u00e1cia zdarma. 0944237985 info@akspila.com","og_url":"https:\/\/www.akspila.com\/sk\/zmeny-v-pravnej-ochrane-dizajnov-na-medzinarodnej-urovni-2025\/","og_site_name":"JUDr. Erik \u0160pila, advok\u00e1tska kancel\u00e1ria","article_published_time":"2024-11-28T20:26:58+00:00","article_modified_time":"2026-04-02T06:23:39+00:00","og_image":[{"width":2560,"height":1575,"url":"http:\/\/www.akspila.com\/wp-content\/uploads\/2024\/11\/vecteezy_empty-blue-cylinder-podium-with-gold-border-and-gold-circle_8683237-min-scaled.jpg","type":"image\/jpeg"}],"author":"Erik \u0160pila","twitter_card":"summary_large_image","twitter_misc":{"Autor":"Erik \u0160pila","Predpokladan\u00fd \u010das \u010d\u00edtania":"2 min\u00faty"},"schema":{"@context":"https:\/\/schema.org","@graph":[{"@type":"WebPage","@id":"https:\/\/www.akspila.com\/zmeny-v-pravnej-ochrane-dizajnov-na-medzinarodnej-urovni-2025\/","url":"https:\/\/www.akspila.com\/zmeny-v-pravnej-ochrane-dizajnov-na-medzinarodnej-urovni-2025\/","name":"Zmena - Pr\u00e1vna ochrana Dizajnov na medzin\u00e1rodnej \u00farovni 2025","isPartOf":{"@id":"https:\/\/www.akspila.com\/#website"},"primaryImageOfPage":{"@id":"https:\/\/www.akspila.com\/zmeny-v-pravnej-ochrane-dizajnov-na-medzinarodnej-urovni-2025\/#primaryimage"},"image":{"@id":"https:\/\/www.akspila.com\/zmeny-v-pravnej-ochrane-dizajnov-na-medzinarodnej-urovni-2025\/#primaryimage"},"thumbnailUrl":"https:\/\/www.akspila.com\/wp-content\/uploads\/2024\/11\/vecteezy_empty-blue-cylinder-podium-with-gold-border-and-gold-circle_8683237-min-scaled.jpg","datePublished":"2024-11-28T20:26:58+00:00","dateModified":"2026-04-02T06:23:39+00:00","author":{"@id":"https:\/\/www.akspila.com\/#\/schema\/person\/94adc120313c3ff7f6073b95c3e275ed"},"description":"Registr\u00e1cia Dizajnu SR, E\u00da a vo svete. Chr\u00e1\u0148te svoj produkt. Vybavte to s odborn\u00edkom. \u00davodn\u00e1 konzult\u00e1cia zdarma. 0944237985 info@akspila.com","breadcrumb":{"@id":"https:\/\/www.akspila.com\/zmeny-v-pravnej-ochrane-dizajnov-na-medzinarodnej-urovni-2025\/#breadcrumb"},"inLanguage":"sk-SK","potentialAction":[{"@type":"ReadAction","target":["https:\/\/www.akspila.com\/zmeny-v-pravnej-ochrane-dizajnov-na-medzinarodnej-urovni-2025\/"]}]},{"@type":"ImageObject","inLanguage":"sk-SK","@id":"https:\/\/www.akspila.com\/zmeny-v-pravnej-ochrane-dizajnov-na-medzinarodnej-urovni-2025\/#primaryimage","url":"https:\/\/www.akspila.com\/wp-content\/uploads\/2024\/11\/vecteezy_empty-blue-cylinder-podium-with-gold-border-and-gold-circle_8683237-min-scaled.jpg","contentUrl":"https:\/\/www.akspila.com\/wp-content\/uploads\/2024\/11\/vecteezy_empty-blue-cylinder-podium-with-gold-border-and-gold-circle_8683237-min-scaled.jpg","width":2560,"height":1575,"caption":"design dizajn registr\u00e1cia"},{"@type":"BreadcrumbList","@id":"https:\/\/www.akspila.com\/zmeny-v-pravnej-ochrane-dizajnov-na-medzinarodnej-urovni-2025\/#breadcrumb","itemListElement":[{"@type":"ListItem","position":1,"name":"Home","item":"https:\/\/www.akspila.com\/"},{"@type":"ListItem","position":2,"name":"Zmeny v pr\u00e1vnej ochrane dizajnov na medzin\u00e1rodnej \u00farovni 2025"}]},{"@type":"WebSite","@id":"https:\/\/www.akspila.com\/#website","url":"https:\/\/www.akspila.com\/","name":"JUDr. Erik \u0160pila, advok\u00e1tska kancel\u00e1ria","description":"Pr\u00e1vne poradenstvo","potentialAction":[{"@type":"SearchAction","target":{"@type":"EntryPoint","urlTemplate":"https:\/\/www.akspila.com\/?s={search_term_string}"},"query-input":{"@type":"PropertyValueSpecification","valueRequired":true,"valueName":"search_term_string"}}],"inLanguage":"sk-SK"},{"@type":"Person","@id":"https:\/\/www.akspila.com\/#\/schema\/person\/94adc120313c3ff7f6073b95c3e275ed","name":"Erik \u0160pila","image":{"@type":"ImageObject","inLanguage":"sk-SK","@id":"https:\/\/www.akspila.com\/#\/schema\/person\/image\/","url":"https:\/\/secure.gravatar.com\/avatar\/ec64ccda6925e2160e3e3e5e0b3ecaa980e4ef88e4b028ad1f53e5c3b527dd59?s=96&d=mm&r=g","contentUrl":"https:\/\/secure.gravatar.com\/avatar\/ec64ccda6925e2160e3e3e5e0b3ecaa980e4ef88e4b028ad1f53e5c3b527dd59?s=96&d=mm&r=g","caption":"Erik \u0160pila"},"url":"https:\/\/www.akspila.com\/sk\/author\/infoakspila-com\/"}]}},"_links":{"self":[{"href":"https:\/\/www.akspila.com\/sk\/wp-json\/wp\/v2\/posts\/8763","targetHints":{"allow":["GET"]}}],"collection":[{"href":"https:\/\/www.akspila.com\/sk\/wp-json\/wp\/v2\/posts"}],"about":[{"href":"https:\/\/www.akspila.com\/sk\/wp-json\/wp\/v2\/types\/post"}],"author":[{"embeddable":true,"href":"https:\/\/www.akspila.com\/sk\/wp-json\/wp\/v2\/users\/2"}],"replies":[{"embeddable":true,"href":"https:\/\/www.akspila.com\/sk\/wp-json\/wp\/v2\/comments?post=8763"}],"version-history":[{"count":8,"href":"https:\/\/www.akspila.com\/sk\/wp-json\/wp\/v2\/posts\/8763\/revisions"}],"predecessor-version":[{"id":8772,"href":"https:\/\/www.akspila.com\/sk\/wp-json\/wp\/v2\/posts\/8763\/revisions\/8772"}],"wp:featuredmedia":[{"embeddable":true,"href":"https:\/\/www.akspila.com\/sk\/wp-json\/wp\/v2\/media\/8764"}],"wp:attachment":[{"href":"https:\/\/www.akspila.com\/sk\/wp-json\/wp\/v2\/media?parent=8763"}],"wp:term":[{"taxonomy":"category","embeddable":true,"href":"https:\/\/www.akspila.com\/sk\/wp-json\/wp\/v2\/categories?post=8763"},{"taxonomy":"post_tag","embeddable":true,"href":"https:\/\/www.akspila.com\/sk\/wp-json\/wp\/v2\/tags?post=8763"}],"curies":[{"name":"wp","href":"https:\/\/api.w.org\/{rel}","templated":true}]}}